{"id":13,"__str__":"Discuss\u00e3o sobre a instala\u00e7\u00e3o da pra\u00e7a de ped\u00e1gio entre Varginha e Tr\u00eas Cora\u00e7\u00f5es.","link_detail_backend":"/audiencia/13","metadata":{},"numero":2,"ano":2024,"nome":"Discuss\u00e3o sobre a instala\u00e7\u00e3o da pra\u00e7a de ped\u00e1gio entre Varginha e Tr\u00eas Cora\u00e7\u00f5es.","tema":"Tarifa de ped\u00e1gio","data":"2024-04-25","hora_inicio":"18:30","hora_fim":"20:45","observacao":"Vereadores presentes:\r\n- Zilda Silva (Propositora)\r\n- Doutor Lucas\r\n\r\nAutoridades presentes:\r\n- Dep. Estadual Professor Cleiton\r\n- Jos\u00e9 Salim (EPR)\r\n- Jo\u00e3o Toledo (EPR)\r\n- Ney Maia (Vice-Prefeito de Campanha)\r\n- Karina Vasconcelos \r\n- Ricardo M. Pereira (UNIS)\r\n- Marcone Miranda (Porto Seco)\r\n- Elisete Ribeiro (ACIV)\r\n- Marco A. Montevechi (SINDVAR)\r\n- Cibele L. de Oliveira (SindComerci\u00e1rios)\r\n- Jos\u00e9 Paulino Neto (SinttroVarginha)\r\n- Jo\u00e3o Carlos Picelli (SINDICAM SUL)","audiencia_cancelada":false,"url_audio":"","url_video":"https://www.youtube.com/watch?v=-EJVzPFhY7E","upload_pauta":null,"upload_ata":null,"upload_anexo":null,"materia":3171,"tipo":1,"parlamentar_autor":null,"requerimento":null}