{"id":24,"__str__":"Audi\u00eancia P\u00fablica para Instituir o C\u00f3digo Municipal de Meio Ambiente e Desenvolvimento Sustent\u00e1vel","link_detail_backend":"/audiencia/24","metadata":{},"numero":5,"ano":2025,"nome":"Audi\u00eancia P\u00fablica para Instituir o C\u00f3digo Municipal de Meio Ambiente e Desenvolvimento Sustent\u00e1vel","tema":"Instituir o C\u00f3digo Municipal de Meio Ambiente e Desenvolvimento Sustent\u00e1vel","data":"2025-09-09","hora_inicio":"18:00","hora_fim":"20:20","observacao":"Vereadores Presentes:\r\n- Ana Rios Fontoura\r\n- Dudu Ottoni\r\n- Jo\u00e3ozinho Enfermeiro\r\n- Rog\u00e9rio Bueno\r\n- Thulyo Paiva\r\n- Zilda Silva\r\n\r\nServidores do Poder Executivo:\r\n- Cl\u00e1udio Abreu (Secret\u00e1rio Municipal de Meio Ambiente)\r\n\r\nAutoridades presentes:\r\n- Lucas Andrade Sousa Bonif\u00e1cio (CODEMA)\r\n- Andrea Veiga Maciel de Abreu (OAB)\r\n- Sargento Santos (PMMA)\r\n- Carlos Roberto Bernardes ( GCM)\r\n- Frederico Augusto Massote Bonif\u00e1cio (FEAM)\r\n- Ivan Franklin J\u00fanior (UNIS)","audiencia_cancelada":false,"url_audio":"","url_video":"https://youtu.be/InLP-vABchY","upload_pauta":null,"upload_ata":null,"upload_anexo":null,"materia":4417,"tipo":1,"parlamentar_autor":null,"requerimento":null}