{"id":26,"__str__":"Audi\u00eancia P\u00fablica sobre o Centro Comercial","link_detail_backend":"/audiencia/26","metadata":{},"numero":7,"ano":2025,"nome":"Audi\u00eancia P\u00fablica sobre o Centro Comercial","tema":"Centro Comercial","data":"2025-10-02","hora_inicio":"18:30","hora_fim":"22:00","observacao":"Vereadores Presentes:\r\n- Ana Rios fontoura\r\n- Bruno Leandro Coletor\r\n- C\u00e1ssio Chiodi\r\n- Zilda Silva\r\n\r\nServidores do Poder Executivo:\r\n- Neide de Abreu Morais (Secret\u00e1ria Municipal de Turismo e Com\u00e9rcio)\r\n\r\nAutoridades presentes:\r\n- Andr\u00e9 Yuki (ACIV)\r\n- F\u00e1bio Carvalho (Comerciantes Unidos)\r\n- Gilmar Louren\u00e7o Barone (Comerciantes Unidos)\r\n-  Major Andr\u00e9 Barbosa (24\u00ba Batalh\u00e3o da Pol\u00edcia Militar)\r\n- Helder V\u00edtor da Silva (GCM)\r\n- Marcelo do Nascimento (CMPC)\r\n- Ana Paula Pena Almeida (SEBRAE)","audiencia_cancelada":false,"url_audio":"","url_video":"https://youtu.be/TEWNeSkelvw","upload_pauta":null,"upload_ata":null,"upload_anexo":null,"materia":4655,"tipo":1,"parlamentar_autor":null,"requerimento":null}