{"id":412,"__str__":"Parecer de Comiss\u00e3o - Comiss\u00e3o de Justi\u00e7a de 27/09/2023 por Comiss\u00e3o de Justi\u00e7a","link_detail_backend":"/materia/documentoacessorio/412","metadata":{},"nome":"Comiss\u00e3o de Justi\u00e7a","data":"2023-09-27","autor":"Comiss\u00e3o de Justi\u00e7a","ementa":"DISP\u00d5E SOBRE A PROIBI\u00c7\u00c3O A SUSPENSAO DO FORNECIMENTO DE \u00c1GUA E ENERGIA EL\u00c9TRICA, NOS IM\u00d3VEIS ONDE RESIDAM PESSOAS ENFERMAS, EM FASE TERMINAIS OU ACAMADAS, QUE INTEGRAM O CADASTRO \u00daNICO.","indexacao":"","arquivo":"http://sapl.varginha.mg.leg.br/media/sapl/public/documentoacessorio/2022/412/projeto_de_lei_5-2022.pdf","data_ultima_atualizacao":"2023-11-14T14:51:07.065577-03:00","materia":408,"tipo":10}