{"id":671,"__str__":"Reda\u00e7\u00e3o Final / Aut\u00f3grafo - Reda\u00e7\u00e3o Final de 07/02/2024 por Mesa Diretora","link_detail_backend":"/materia/documentoacessorio/671","metadata":{},"nome":"Reda\u00e7\u00e3o Final","data":"2024-02-07","autor":"Mesa Diretora","ementa":"INSTITUI PROGRAMA DE CULTURA NAS ESCOLAS MUNICIPAIS DE VARGINHA, E D\u00c1 OUTRAS PROVID\u00caNCIAS.","indexacao":"","arquivo":"http://sapl.varginha.mg.leg.br/media/sapl/public/documentoacessorio/2023/671/projetodelei31-2023_-_redacao_final.pdf","data_ultima_atualizacao":"2024-03-18T08:47:24.911149-03:00","materia":1214,"tipo":9}