{"id":5439,"__str__":"Indica\u00e7\u00e3o n\u00ba 45 de 2026","link_detail_backend":"/materia/5439","metadata":{},"numero":45,"ano":2026,"numero_protocolo":81,"data_apresentacao":"2026-02-25","tipo_apresentacao":"","data_publicacao":null,"numero_origem_externa":"","ano_origem_externa":null,"data_origem_externa":null,"apelido":"","dias_prazo":null,"data_fim_prazo":null,"em_tramitacao":false,"polemica":false,"objeto":"","complementar":false,"ementa":"Solicita a cria\u00e7\u00e3o de um programa que viabilize a ado\u00e7\u00e3o de espa\u00e7os p\u00fablicos por empresas privadas e institui\u00e7\u00f5es, permitindo que estas assumam a manuten\u00e7\u00e3o, conserva\u00e7\u00e3o ou revitaliza\u00e7\u00e3o de pra\u00e7as, parques, monumentos e quadras esportivas, mediante contrapartida de direito de associar sua marca ao local adotado, dentro dos crit\u00e9rios estabelecidos pelo munic\u00edpio.","indexacao":"","observacao":"","resultado":"","texto_original":"http://sapl.varginha.mg.leg.br/media/sapl/public/materialegislativa/2026/5439/indicacao_45_davi_martins.pdf","data_ultima_atualizacao":"2026-03-02T10:00:39.837855-03:00","ip":"200.233.130.165","ultima_edicao":"2026-02-26T16:18:55.638473-03:00","tipo":9,"regime_tramitacao":1,"tipo_origem_externa":null,"local_origem_externa":null,"user":65,"anexadas":[],"autores":[52]}