{"id":5509,"__str__":"Requerimento n\u00ba 46 de 2026","link_detail_backend":"/materia/5509","metadata":{},"numero":46,"ano":2026,"numero_protocolo":147,"data_apresentacao":"2026-03-11","tipo_apresentacao":"","data_publicacao":null,"numero_origem_externa":"","ano_origem_externa":null,"data_origem_externa":null,"apelido":"","dias_prazo":null,"data_fim_prazo":null,"em_tramitacao":true,"polemica":false,"objeto":"","complementar":false,"ementa":"Requer informa\u00e7\u00f5es acerca da possibilidade de amplia\u00e7\u00e3o do Programa de Atendimento Domiciliar (PAD), com a eventual implanta\u00e7\u00e3o de uma estrutura complementar vinculada \u00e0 Aten\u00e7\u00e3o Prim\u00e1ria \u00e0 Sa\u00fade, integrada \u00e0s Unidades B\u00e1sicas de Sa\u00fade (UBS) e \u00e0s Equipes de Sa\u00fade da Fam\u00edlia (ESF).","indexacao":"","observacao":"","resultado":"","texto_original":"http://sapl.varginha.mg.leg.br/media/sapl/public/materialegislativa/2026/5509/danielrodrigues_-_requerimento46-2026.pdf","data_ultima_atualizacao":"2026-04-14T14:16:08.003455-03:00","ip":"200.233.130.165","ultima_edicao":"2026-03-12T09:00:55.606564-03:00","tipo":8,"regime_tramitacao":1,"tipo_origem_externa":null,"local_origem_externa":null,"user":65,"anexadas":[],"autores":[21]}