{"id":3784,"__str__":"Emenda n\u00ba 14 de 2023 | Proposi\u00e7\u00e3o inclusa na Ordem do Dia | 18/09/2023","link_detail_backend":"/materia/tramitacao/3784","metadata":{},"timestamp":"2024-01-22T09:48:30.367274-03:00","data_tramitacao":"2023-09-18","data_encaminhamento":null,"urgente":false,"turno":"U","texto":"O vereador Jo\u00e3ozinho Enfermeiro requereu a dispensa dos interst\u00edcios legais para a delibera\u00e7\u00e3o da proposi\u00e7\u00e3o em \u00fanica discuss\u00e3o e vota\u00e7\u00e3o. O requerimento foi aprovado por todos os vereadores.","data_fim_prazo":null,"ip":"177.91.33.70","ultima_edicao":"2024-01-22T09:47:17.397737-03:00","status":18,"materia":1570,"unidade_tramitacao_local":12,"unidade_tramitacao_destino":10,"user":3}